{"id":75000,"date":"2025-11-25T08:30:00","date_gmt":"2025-11-25T07:30:00","guid":{"rendered":"https:\/\/www.planetel.it\/?p=75000"},"modified":"2025-11-19T12:23:27","modified_gmt":"2025-11-19T11:23:27","slug":"la-rete-in-fibra-ottica-planetel-al-servizio-dei-comuni","status":"publish","type":"post","link":"https:\/\/www.planetel.it\/en\/2025\/11\/la-rete-in-fibra-ottica-planetel-al-servizio-dei-comuni\/","title":{"rendered":"La rete in Fibra ottica Planetel al servizio dei Comuni"},"content":{"rendered":"\n<p>La nostra infrastruttura abilita <strong>comuni digitali<\/strong>, <strong>servizi smart<\/strong> ed <strong>ecosistemi locali connessi<\/strong>. Portare connettivit\u00e0, innovazione e sicurezza digitale nei territori significa investire nel futuro delle persone, delle imprese e delle amministrazioni. \u00c8 una responsabilit\u00e0 che, come Planetel, ci assumiamo ogni giorno attraverso l\u2019ampliamento della nostra rete proprietaria in fibra ottica.<\/p>\n\n\n\n<p>Oggi contiamo oltre <strong>3.300 km<\/strong> <strong>di infrastruttura<\/strong>, pi\u00f9 di <strong>1.200 cabinet<\/strong> e circa <strong>300 Comuni<\/strong> collegati con banda ultra-larga. Ma una rete non \u00e8 pi\u00f9 solo \u201cconnettivit\u00e0\u201d. Rappresenta, infatti, un pilastro strategico di <strong>sovranit\u00e0 tecnologica<\/strong>, <strong>continuit\u00e0 operativa<\/strong> e <strong>prossimit\u00e0 digitale<\/strong>.<\/p>\n\n\n\n<p>Per questo Planetel sta evolvendo da semplice operatore a <strong>partner infrastrutturale<\/strong>, integrando nel territorio anche nuove architetture quali <strong>Edge Data Center<\/strong> di prossimit\u00e0 e modelli di <strong>Cloud italiano<\/strong>.<\/p>\n\n\n\n<div style=\"height:50px\" aria-hidden=\"true\" class=\"wp-block-spacer\"><\/div>\n\n\n<h2 class=\"wp-block-heading\" id=\"la-rete-proprietaria-di-planetel-come-fondamento-di-innovazione\">La rete proprietaria di Planetel come fondamento di innovazione<\/h2>\n\n\n<p>Avere una rete proprietaria costruita e gestita direttamente da noi significa poter garantire prestazioni costanti e bassa latenza, tempi di intervento rapidi, controllo totale della filiera e possibilit\u00e0 di cablaggi mirati laddove serve davvero.<\/p>\n\n\n\n<p>Ma non \u00e8 solo questo. Oggi, infatti, vuol dire anche <strong>creare le basi per nuovi servizi digitali<\/strong> che richiedono sicurezza, localizzazione dei dati e continuit\u00e0 operativa. Ci riferiamo, ad esempio, ai servizi cloud della P.A., alla videosorveglianza intelligente, alle soluzioni di IoT territoriale, alla telemedicina e ai servizi sociosanitari digitali, alle nuove piattaforme di AI e di automazione dei processi.<\/p>\n\n\n\n<p>La nostra rete, pertanto, non \u00e8 solo un asset tecnologico, ma un <strong>abilitatore di competitivit\u00e0 e sviluppo locale<\/strong>. Il Comune diventa parte di una infrastruttura moderna, resiliente e sovrana, essenziale per le sfide future.<\/p>\n\n\n\n<div style=\"height:25px\" aria-hidden=\"true\" class=\"wp-block-spacer\"><\/div>\n\n\n<h3 class=\"wp-block-heading\" id=\"edge-datacenter-locali-per-dati-piu-vicini-servizi-piu-veloci-pa-piu-sicura\">Edge Datacenter locali per dati pi\u00f9 vicini, servizi pi\u00f9 veloci, P.A. pi\u00f9 sicura<\/h3>\n\n\n<p>Un passaggio fondamentale nell\u2019evoluzione dei territori \u00e8 la distribuzione dell\u2019elaborazione \u201cin prossimit\u00e0\u201d. Per questo stiamo introducendo un modello in cui la rete in fibra si integra con <strong>micro Data Center edge<\/strong> posizionati vicino ai Comuni.<\/p>\n\n\n\n<p>Un approccio strategico che favorisce <strong>latenza minima<\/strong> per applicazioni critiche (videosorveglianza evoluta, sicurezza urbana, semaforica intelligente), <strong>elaborazione locale<\/strong> senza dipendere da cloud lontani, <strong>continuit\u00e0 operativa<\/strong> anche in caso di guasti o congestioni upstream, <strong>protezione dei dati sensibili<\/strong> che restano nel perimetro territoriale.<\/p>\n\n\n\n<p>Di fatto, per un&#8217;amministrazione comunale significa garantire servizi digitali pi\u00f9 rapidi, affidabili e rispettosi delle normative.<\/p>\n\n\n\n<div style=\"height:25px\" aria-hidden=\"true\" class=\"wp-block-spacer\"><\/div>\n\n\n<h3 class=\"wp-block-heading\" id=\"cloud-sovrano-uninfrastruttura-italiana-per-dati-pubblici-e-dei-cittadini\">Cloud sovrano: un\u2019infrastruttura italiana per dati pubblici e dei cittadini<\/h3>\n\n\n<p>La trasformazione digitale della P.A. richiede piattaforme sicure, trasparenti e localizzate sul territorio nazionale. In Planetel supportiamo questo paradigma attraverso architetture cloud <strong>interamente allocate in infrastrutture italiane<\/strong>, collegate direttamente alla nostra rete proprietaria.<\/p>\n\n\n\n<p>I benefici per i Comuni sono concreti: dalla residenza dei dati sul territorio nazionale alla totale conformit\u00e0 al GDPR, dall\u2019infrastruttura non soggetta a leggi extra-UE alla massima protezione dei dati sensibili; a tutto ci\u00f2 si aggiunge l\u2019accesso a servizi digitali critici con performance superiori.<\/p>\n\n\n\n<p>Quella che diamo mediante il nostro impegno \u00e8 una risposta tangibile al crescente bisogno di <strong>sovranit\u00e0 digitale<\/strong> e <strong>sicurezza informatica<\/strong>.<\/p>\n\n\n\n<div style=\"height:50px\" aria-hidden=\"true\" class=\"wp-block-spacer\"><\/div>\n\n\n<h2 class=\"wp-block-heading\" id=\"rete-in-fibra-ottica-planetel-il-ruolo-della-prossimita-territoriale\">Rete in Fibra ottica Planetel: il ruolo della prossimit\u00e0 territoriale<\/h2>\n\n\n<p>La connettivit\u00e0 ha un impatto reale solo se nasce da una <strong>relazione diretta con il territorio<\/strong>. Per questo manteniamo un <strong>rapporto di assoluta prossimit\u00e0<\/strong> con le aree che serviamo, dialogando con le amministrazioni locali, analizzando criticit\u00e0 e approfondendo nuove opportunit\u00e0 di sviluppo e situazioni di fragilit\u00e0 infrastrutturale.<\/p>\n\n\n\n<p>Questo ci permette di monitorare zone in evoluzione, pianificare investimenti mirati, rispondere in modo tempestivo alle esigenze e progettare soluzioni su misura sia per quanto riguarda la Fibra sia in relazione a servizi avanzati. Non offriamo \u201cun prodotto\u201d, ma un <strong>percorso condiviso di trasformazione digitale<\/strong>.<\/p>\n\n\n\n<div style=\"height:25px\" aria-hidden=\"true\" class=\"wp-block-spacer\"><\/div>\n\n\n<h3 class=\"wp-block-heading\" id=\"come-portiamo-la-fibra-ottica-nei-comuni\">Come portiamo la fibra ottica nei Comuni<\/h3>\n\n\n<p>Quando un Comune o un\u2019area produttiva esprime la necessit\u00e0 di connettivit\u00e0 avanzata, entriamo in azione con un processo chiaro, strutturato e replicabile:<\/p>\n\n\n\n<ol class=\"wp-block-list\">\n<li><strong>Analizziamo la fattibilit\u00e0<\/strong> tecnica e urbanistica;<\/li>\n\n\n\n<li><strong>Condividiamo<\/strong> con l\u2019amministrazione <strong>un progetto<\/strong> di cablaggio;<\/li>\n\n\n\n<li><strong>Pianifichiamo gli interventi<\/strong> sul campo;<\/li>\n\n\n\n<li><strong>Attuiamo il cablaggio<\/strong> residenziale, commerciale e industriale;<\/li>\n\n\n\n<li><strong>Attiviamo i servizi <\/strong>e strutturiamo un <strong>monitoraggio continuo<\/strong>;<\/li>\n\n\n\n<li>Sulla base delle effettive richieste ed esigenze, <strong>integriamo servizi<\/strong> Edge, cloud o smart city.<\/li>\n<\/ol>\n\n\n\n<p>Questo approccio ci consente di raggiungere anche quartieri o frazioni difficili, <strong>riducendo il digital divide<\/strong> e <strong>creando valore reale<\/strong>.<\/p>\n\n\n\n<div style=\"height:13px\" aria-hidden=\"true\" class=\"wp-block-spacer\"><\/div>\n\n\n<h4 class=\"wp-block-heading\" id=\"due-esempi-concreti-di-trasformazione-digitale-locale-pastrengo-e-lazise\">Due esempi concreti di trasformazione digitale locale: Pastrengo e Lazise<\/h4>\n\n\n<p>La collaborazione con il Comune di Pastrengo \u00e8 iniziata nel 2017, quando abbiamo realizzato i primi nodi FTTC e FTTE. Da allora, anno dopo anno, abbiamo continuato a investire nell\u2019area per ampliare la rete, posando fibra FTTH e collegandola alle aree residenziali e industriali. Oggi a Pastrengo abbiamo cablato 13 km di fibra, raggiunto 1.011 civici e migliorato sensibilmente la copertura per famiglie e aziende, con oltre 1.300 nuclei familiari e 217 attivit\u00e0 potenzialmente servite. Un percorso graduale che ha <strong>trasformato il Comune in un territorio digitalmente competitivo<\/strong>, pronto ad abilitare servizi avanzati per residenti e imprese.<\/p>\n\n\n\n<div class=\"wp-block-buttons is-content-justification-center is-layout-flex wp-container-core-buttons-is-layout-16018d1d wp-block-buttons-is-layout-flex\">\n<div class=\"wp-block-button\"><a class=\"wp-block-button__link has-white-color has-text-color has-background has-link-color has-medium-font-size has-custom-font-size wp-element-button\" href=\"https:\/\/www.youtube.com\/shorts\/I3tM_hspec0\" style=\"background-color:#439f36\" target=\"_blank\" rel=\"noreferrer noopener\">Guarda l&#8217;intervista<\/a><\/div>\n<\/div>\n\n\n\n<div style=\"height:25px\" aria-hidden=\"true\" class=\"wp-block-spacer\"><\/div>\n\n\n\n<p>La storia con il Comune di Lazise \u00e8 ancora pi\u00f9 lunga. Qui collaboriamo dal 2016, cablando aree residenziali e commerciali in citt\u00e0 e nelle frazioni limitrofe, nonch\u00e9 portando connettivit\u00e0 in zone di interesse turistico, produttivo e industriale. Grazie a questi interventi, oggi oltre 1.600civici sono raggiunti dalla nostra rete proprietaria. Qui la connettivit\u00e0 Planetel ha contribuito direttamente alla <strong>qualit\u00e0 del turismo<\/strong>, all\u2019<strong>efficienza delle imprese<\/strong> e alla <strong>gestione dei servizi pubblici<\/strong>.<\/p>\n\n\n\n<p>Questi progetti dimostrano come un\u2019infrastruttura mirata possa sostenere lo <strong>sviluppo economico e sociale di un Comune<\/strong>, migliorando la vita dei cittadini e supportando i modelli produttivi locali.<\/p>\n\n\n\n<div style=\"height:50px\" aria-hidden=\"true\" class=\"wp-block-spacer\"><\/div>\n\n\n<h2 class=\"wp-block-heading\" id=\"una-rete-che-cresce-con-i-comuni-e-grazie-ai-comuni\">Una rete che cresce con i Comuni e grazie ai Comuni<\/h2>\n\n\n<p>Ogni metro di fibra posato nasce dall\u2019ascolto del territorio. Ogni nuovo armadio attivato \u00e8 un investimento condiviso. Ogni servizio digitale \u00e8 un tassello di un ecosistema che porta valore, sicurezza e competitivit\u00e0.<\/p>\n\n\n\n<p>Siamo pronti a replicare questo modello ovunque ci sia una comunit\u00e0 che voglia crescere. Perch\u00e9 la digitalizzazione non \u00e8 solo tecnologia: \u00e8 una <strong>collaborazione continua tra operatori, Comuni e cittadini.<\/strong><\/p>\n\n\n\n<div style=\"height:50px\" aria-hidden=\"true\" class=\"wp-block-spacer\"><\/div>\n\n\n\n<p>Per entrare in contatto con noi, scrivici a <a href=\"mailto:commerciale@planetel.it\" target=\"_blank\" rel=\"noreferrer noopener\">commerciale@planetel.it<\/a> o chiama lo <a href=\"tel:+39035204070\" target=\"_blank\" rel=\"noreferrer noopener\">035204070<\/a>.<\/p>\n\n\n\n<p><a id=\"_msocom_1\"><\/a><\/p>\n","protected":false},"excerpt":{"rendered":"<p>La nostra infrastruttura abilita comuni digitali, servizi smart ed ecosistemi locali connessi. Portare connettivit\u00e0, innovazione e sicurezza digitale nei territori significa investire nel futuro delle persone, delle imprese e delle amministrazioni. \u00c8 una responsabilit\u00e0 che, come Planetel, ci assumiamo ogni giorno attraverso l\u2019ampliamento della nostra rete proprietaria in fibra ottica. Oggi contiamo oltre 3.300 km [&hellip;]<\/p>\n","protected":false},"author":4,"featured_media":75002,"comment_status":"closed","ping_status":"closed","sticky":false,"template":"","format":"standard","meta":{"_acf_changed":false,"footnotes":""},"categories":[691,692,698,719,672,731],"tags":[364,366,379,990,991],"service_category":[312,313],"class_list":["post-75000","post","type-post","status-publish","format-standard","has-post-thumbnail","hentry","category-telecomunicazioni","category-connettivita-fibra-ottica","category-servizi-it-cloud","category-pubblica-amministrazione","category-planetel","category-digital-divide","tag-cloud","tag-pubblica-amministrazione","tag-fibra-ottica","tag-data-center","tag-digital-divide","service_category-telecomunicazioni","service_category-servizi-it-cloud"],"acf":[],"yoast_head":"<!-- This site is optimized with the Yoast SEO plugin v27.3 - https:\/\/yoast.com\/product\/yoast-seo-wordpress\/ -->\n<title>La rete in fibra ottica Planetel al servizio dei Comuni.<\/title>\n<meta name=\"description\" content=\"Con oltre 3.300 km di rete proprietaria, Planetel investe nei territori e porta fibra FTTH nei Comuni, con progetti su misura.\" \/>\n<meta name=\"robots\" content=\"index, follow, max-snippet:-1, max-image-preview:large, max-video-preview:-1\" \/>\n<link rel=\"canonical\" href=\"https:\/\/www.planetel.it\/en\/2025\/11\/la-rete-in-fibra-ottica-planetel-al-servizio-dei-comuni\/\" \/>\n<meta property=\"og:locale\" content=\"en_US\" \/>\n<meta property=\"og:type\" content=\"article\" \/>\n<meta property=\"og:title\" content=\"La rete in fibra ottica Planetel al servizio dei Comuni.\" \/>\n<meta property=\"og:description\" content=\"Con oltre 3.300 km di rete proprietaria, Planetel investe nei territori e porta fibra FTTH nei Comuni, con progetti su misura.\" \/>\n<meta property=\"og:url\" content=\"https:\/\/www.planetel.it\/en\/2025\/11\/la-rete-in-fibra-ottica-planetel-al-servizio-dei-comuni\/\" \/>\n<meta property=\"og:site_name\" content=\"Planetel\" \/>\n<meta property=\"article:publisher\" content=\"https:\/\/www.facebook.com\/planetelspa\" \/>\n<meta property=\"article:published_time\" content=\"2025-11-25T07:30:00+00:00\" \/>\n<meta property=\"og:image\" content=\"https:\/\/www.planetel.it\/wp-content\/uploads\/2025\/11\/20251125_BLOG_Planetel-Connettivita-Comuni_immagine.jpg\" \/>\n\t<meta property=\"og:image:width\" content=\"1200\" \/>\n\t<meta property=\"og:image:height\" content=\"630\" \/>\n\t<meta property=\"og:image:type\" content=\"image\/jpeg\" \/>\n<meta name=\"twitter:card\" content=\"summary_large_image\" \/>\n<meta name=\"twitter:label1\" content=\"Written by\" \/>\n\t<meta name=\"twitter:data1\" content=\"Andrea Brumana\" \/>\n\t<meta name=\"twitter:label2\" content=\"Est. reading time\" \/>\n\t<meta name=\"twitter:data2\" content=\"6 minutes\" \/>\n<script type=\"application\/ld+json\" class=\"yoast-schema-graph\">{\"@context\":\"https:\\\/\\\/schema.org\",\"@graph\":[{\"@type\":\"Article\",\"@id\":\"https:\\\/\\\/www.planetel.it\\\/en\\\/2025\\\/11\\\/la-rete-in-fibra-ottica-planetel-al-servizio-dei-comuni\\\/#article\",\"isPartOf\":{\"@id\":\"https:\\\/\\\/www.planetel.it\\\/en\\\/2025\\\/11\\\/la-rete-in-fibra-ottica-planetel-al-servizio-dei-comuni\\\/\"},\"author\":{\"name\":\"Andrea Brumana\",\"@id\":\"https:\\\/\\\/www.planetel.it\\\/en\\\/#\\\/schema\\\/person\\\/8e74703d23ff222042246a845bb004fa\"},\"headline\":\"La rete in Fibra ottica Planetel al servizio dei Comuni\",\"datePublished\":\"2025-11-25T07:30:00+00:00\",\"mainEntityOfPage\":{\"@id\":\"https:\\\/\\\/www.planetel.it\\\/en\\\/2025\\\/11\\\/la-rete-in-fibra-ottica-planetel-al-servizio-dei-comuni\\\/\"},\"wordCount\":964,\"publisher\":{\"@id\":\"https:\\\/\\\/www.planetel.it\\\/en\\\/#organization\"},\"image\":{\"@id\":\"https:\\\/\\\/www.planetel.it\\\/en\\\/2025\\\/11\\\/la-rete-in-fibra-ottica-planetel-al-servizio-dei-comuni\\\/#primaryimage\"},\"thumbnailUrl\":\"https:\\\/\\\/www.planetel.it\\\/wp-content\\\/uploads\\\/2025\\\/11\\\/20251125_BLOG_Planetel-Connettivita-Comuni_immagine.jpg\",\"keywords\":[\"cloud\",\"pubblica amministrazione\",\"Fibra ottica\",\"Data Center\",\"Digital Divide\"],\"articleSection\":[\"Telecomunicazioni\",\"Connettivit\u00e0 Fibra ottica\",\"Servizi IT &amp; Cloud\",\"Pubblica Amministrazione\",\"Planetel\",\"Digital Divide\"],\"inLanguage\":\"en-US\"},{\"@type\":\"WebPage\",\"@id\":\"https:\\\/\\\/www.planetel.it\\\/en\\\/2025\\\/11\\\/la-rete-in-fibra-ottica-planetel-al-servizio-dei-comuni\\\/\",\"url\":\"https:\\\/\\\/www.planetel.it\\\/en\\\/2025\\\/11\\\/la-rete-in-fibra-ottica-planetel-al-servizio-dei-comuni\\\/\",\"name\":\"La rete in fibra ottica Planetel al servizio dei Comuni.\",\"isPartOf\":{\"@id\":\"https:\\\/\\\/www.planetel.it\\\/en\\\/#website\"},\"primaryImageOfPage\":{\"@id\":\"https:\\\/\\\/www.planetel.it\\\/en\\\/2025\\\/11\\\/la-rete-in-fibra-ottica-planetel-al-servizio-dei-comuni\\\/#primaryimage\"},\"image\":{\"@id\":\"https:\\\/\\\/www.planetel.it\\\/en\\\/2025\\\/11\\\/la-rete-in-fibra-ottica-planetel-al-servizio-dei-comuni\\\/#primaryimage\"},\"thumbnailUrl\":\"https:\\\/\\\/www.planetel.it\\\/wp-content\\\/uploads\\\/2025\\\/11\\\/20251125_BLOG_Planetel-Connettivita-Comuni_immagine.jpg\",\"datePublished\":\"2025-11-25T07:30:00+00:00\",\"description\":\"Con oltre 3.300 km di rete proprietaria, Planetel investe nei territori e porta fibra FTTH nei Comuni, con progetti su misura.\",\"breadcrumb\":{\"@id\":\"https:\\\/\\\/www.planetel.it\\\/en\\\/2025\\\/11\\\/la-rete-in-fibra-ottica-planetel-al-servizio-dei-comuni\\\/#breadcrumb\"},\"inLanguage\":\"en-US\",\"potentialAction\":[{\"@type\":\"ReadAction\",\"target\":[\"https:\\\/\\\/www.planetel.it\\\/en\\\/2025\\\/11\\\/la-rete-in-fibra-ottica-planetel-al-servizio-dei-comuni\\\/\"]}]},{\"@type\":\"ImageObject\",\"inLanguage\":\"en-US\",\"@id\":\"https:\\\/\\\/www.planetel.it\\\/en\\\/2025\\\/11\\\/la-rete-in-fibra-ottica-planetel-al-servizio-dei-comuni\\\/#primaryimage\",\"url\":\"https:\\\/\\\/www.planetel.it\\\/wp-content\\\/uploads\\\/2025\\\/11\\\/20251125_BLOG_Planetel-Connettivita-Comuni_immagine.jpg\",\"contentUrl\":\"https:\\\/\\\/www.planetel.it\\\/wp-content\\\/uploads\\\/2025\\\/11\\\/20251125_BLOG_Planetel-Connettivita-Comuni_immagine.jpg\",\"width\":1200,\"height\":630,\"caption\":\"Fibra ottica Planetel\"},{\"@type\":\"BreadcrumbList\",\"@id\":\"https:\\\/\\\/www.planetel.it\\\/en\\\/2025\\\/11\\\/la-rete-in-fibra-ottica-planetel-al-servizio-dei-comuni\\\/#breadcrumb\",\"itemListElement\":[{\"@type\":\"ListItem\",\"position\":1,\"name\":\"Home\",\"item\":\"https:\\\/\\\/www.planetel.it\\\/en\\\/\"},{\"@type\":\"ListItem\",\"position\":2,\"name\":\"Clienti\",\"item\":\"https:\\\/\\\/www.planetel.it\\\/news\\\/blog\\\/categoria\\\/clienti\\\/\"},{\"@type\":\"ListItem\",\"position\":3,\"name\":\"Pubblica Amministrazione\",\"item\":\"https:\\\/\\\/www.planetel.it\\\/news\\\/blog\\\/categoria\\\/pubblica-amministrazione\\\/\"},{\"@type\":\"ListItem\",\"position\":4,\"name\":\"La rete in Fibra ottica Planetel al servizio dei Comuni\"}]},{\"@type\":\"WebSite\",\"@id\":\"https:\\\/\\\/www.planetel.it\\\/en\\\/#website\",\"url\":\"https:\\\/\\\/www.planetel.it\\\/en\\\/\",\"name\":\"Planetel\",\"description\":\"Pi\u00f9 che una connessione\",\"publisher\":{\"@id\":\"https:\\\/\\\/www.planetel.it\\\/en\\\/#organization\"},\"potentialAction\":[{\"@type\":\"SearchAction\",\"target\":{\"@type\":\"EntryPoint\",\"urlTemplate\":\"https:\\\/\\\/www.planetel.it\\\/en\\\/?s={search_term_string}\"},\"query-input\":{\"@type\":\"PropertyValueSpecification\",\"valueRequired\":true,\"valueName\":\"search_term_string\"}}],\"inLanguage\":\"en-US\"},{\"@type\":\"Organization\",\"@id\":\"https:\\\/\\\/www.planetel.it\\\/en\\\/#organization\",\"name\":\"Planetel S.p.A.\",\"url\":\"https:\\\/\\\/www.planetel.it\\\/en\\\/\",\"logo\":{\"@type\":\"ImageObject\",\"inLanguage\":\"en-US\",\"@id\":\"https:\\\/\\\/www.planetel.it\\\/en\\\/#\\\/schema\\\/logo\\\/image\\\/\",\"url\":\"https:\\\/\\\/www.planetel.it\\\/wp-content\\\/uploads\\\/2024\\\/04\\\/logo-group-planetel.svg\",\"contentUrl\":\"https:\\\/\\\/www.planetel.it\\\/wp-content\\\/uploads\\\/2024\\\/04\\\/logo-group-planetel.svg\",\"width\":1,\"height\":1,\"caption\":\"Planetel S.p.A.\"},\"image\":{\"@id\":\"https:\\\/\\\/www.planetel.it\\\/en\\\/#\\\/schema\\\/logo\\\/image\\\/\"},\"sameAs\":[\"https:\\\/\\\/www.facebook.com\\\/planetelspa\",\"https:\\\/\\\/www.linkedin.com\\\/company\\\/planetel\",\"https:\\\/\\\/www.instagram.com\\\/planetelspa\"]},{\"@type\":\"Person\",\"@id\":\"https:\\\/\\\/www.planetel.it\\\/en\\\/#\\\/schema\\\/person\\\/8e74703d23ff222042246a845bb004fa\",\"name\":\"Andrea Brumana\",\"image\":{\"@type\":\"ImageObject\",\"inLanguage\":\"en-US\",\"@id\":\"https:\\\/\\\/secure.gravatar.com\\\/avatar\\\/9a839884f24513d8bf063a907c74d8d2483fb1c4bbbf7cf7222c3e08581e4219?s=96&d=mm&r=g\",\"url\":\"https:\\\/\\\/secure.gravatar.com\\\/avatar\\\/9a839884f24513d8bf063a907c74d8d2483fb1c4bbbf7cf7222c3e08581e4219?s=96&d=mm&r=g\",\"contentUrl\":\"https:\\\/\\\/secure.gravatar.com\\\/avatar\\\/9a839884f24513d8bf063a907c74d8d2483fb1c4bbbf7cf7222c3e08581e4219?s=96&d=mm&r=g\",\"caption\":\"Andrea Brumana\"},\"url\":\"https:\\\/\\\/www.planetel.it\\\/en\\\/author\\\/a-brumana\\\/\"}]}<\/script>\n<!-- \/ Yoast SEO plugin. -->","yoast_head_json":{"title":"La rete in fibra ottica Planetel al servizio dei Comuni.","description":"Con oltre 3.300 km di rete proprietaria, Planetel investe nei territori e porta fibra FTTH nei Comuni, con progetti su misura.","robots":{"index":"index","follow":"follow","max-snippet":"max-snippet:-1","max-image-preview":"max-image-preview:large","max-video-preview":"max-video-preview:-1"},"canonical":"https:\/\/www.planetel.it\/en\/2025\/11\/la-rete-in-fibra-ottica-planetel-al-servizio-dei-comuni\/","og_locale":"en_US","og_type":"article","og_title":"La rete in fibra ottica Planetel al servizio dei Comuni.","og_description":"Con oltre 3.300 km di rete proprietaria, Planetel investe nei territori e porta fibra FTTH nei Comuni, con progetti su misura.","og_url":"https:\/\/www.planetel.it\/en\/2025\/11\/la-rete-in-fibra-ottica-planetel-al-servizio-dei-comuni\/","og_site_name":"Planetel","article_publisher":"https:\/\/www.facebook.com\/planetelspa","article_published_time":"2025-11-25T07:30:00+00:00","og_image":[{"width":1200,"height":630,"url":"https:\/\/www.planetel.it\/wp-content\/uploads\/2025\/11\/20251125_BLOG_Planetel-Connettivita-Comuni_immagine.jpg","type":"image\/jpeg"}],"twitter_card":"summary_large_image","twitter_misc":{"Written by":"Andrea Brumana","Est. reading time":"6 minutes"},"schema":{"@context":"https:\/\/schema.org","@graph":[{"@type":"Article","@id":"https:\/\/www.planetel.it\/en\/2025\/11\/la-rete-in-fibra-ottica-planetel-al-servizio-dei-comuni\/#article","isPartOf":{"@id":"https:\/\/www.planetel.it\/en\/2025\/11\/la-rete-in-fibra-ottica-planetel-al-servizio-dei-comuni\/"},"author":{"name":"Andrea Brumana","@id":"https:\/\/www.planetel.it\/en\/#\/schema\/person\/8e74703d23ff222042246a845bb004fa"},"headline":"La rete in Fibra ottica Planetel al servizio dei Comuni","datePublished":"2025-11-25T07:30:00+00:00","mainEntityOfPage":{"@id":"https:\/\/www.planetel.it\/en\/2025\/11\/la-rete-in-fibra-ottica-planetel-al-servizio-dei-comuni\/"},"wordCount":964,"publisher":{"@id":"https:\/\/www.planetel.it\/en\/#organization"},"image":{"@id":"https:\/\/www.planetel.it\/en\/2025\/11\/la-rete-in-fibra-ottica-planetel-al-servizio-dei-comuni\/#primaryimage"},"thumbnailUrl":"https:\/\/www.planetel.it\/wp-content\/uploads\/2025\/11\/20251125_BLOG_Planetel-Connettivita-Comuni_immagine.jpg","keywords":["cloud","pubblica amministrazione","Fibra ottica","Data Center","Digital Divide"],"articleSection":["Telecomunicazioni","Connettivit\u00e0 Fibra ottica","Servizi IT &amp; Cloud","Pubblica Amministrazione","Planetel","Digital Divide"],"inLanguage":"en-US"},{"@type":"WebPage","@id":"https:\/\/www.planetel.it\/en\/2025\/11\/la-rete-in-fibra-ottica-planetel-al-servizio-dei-comuni\/","url":"https:\/\/www.planetel.it\/en\/2025\/11\/la-rete-in-fibra-ottica-planetel-al-servizio-dei-comuni\/","name":"La rete in fibra ottica Planetel al servizio dei Comuni.","isPartOf":{"@id":"https:\/\/www.planetel.it\/en\/#website"},"primaryImageOfPage":{"@id":"https:\/\/www.planetel.it\/en\/2025\/11\/la-rete-in-fibra-ottica-planetel-al-servizio-dei-comuni\/#primaryimage"},"image":{"@id":"https:\/\/www.planetel.it\/en\/2025\/11\/la-rete-in-fibra-ottica-planetel-al-servizio-dei-comuni\/#primaryimage"},"thumbnailUrl":"https:\/\/www.planetel.it\/wp-content\/uploads\/2025\/11\/20251125_BLOG_Planetel-Connettivita-Comuni_immagine.jpg","datePublished":"2025-11-25T07:30:00+00:00","description":"Con oltre 3.300 km di rete proprietaria, Planetel investe nei territori e porta fibra FTTH nei Comuni, con progetti su misura.","breadcrumb":{"@id":"https:\/\/www.planetel.it\/en\/2025\/11\/la-rete-in-fibra-ottica-planetel-al-servizio-dei-comuni\/#breadcrumb"},"inLanguage":"en-US","potentialAction":[{"@type":"ReadAction","target":["https:\/\/www.planetel.it\/en\/2025\/11\/la-rete-in-fibra-ottica-planetel-al-servizio-dei-comuni\/"]}]},{"@type":"ImageObject","inLanguage":"en-US","@id":"https:\/\/www.planetel.it\/en\/2025\/11\/la-rete-in-fibra-ottica-planetel-al-servizio-dei-comuni\/#primaryimage","url":"https:\/\/www.planetel.it\/wp-content\/uploads\/2025\/11\/20251125_BLOG_Planetel-Connettivita-Comuni_immagine.jpg","contentUrl":"https:\/\/www.planetel.it\/wp-content\/uploads\/2025\/11\/20251125_BLOG_Planetel-Connettivita-Comuni_immagine.jpg","width":1200,"height":630,"caption":"Fibra ottica Planetel"},{"@type":"BreadcrumbList","@id":"https:\/\/www.planetel.it\/en\/2025\/11\/la-rete-in-fibra-ottica-planetel-al-servizio-dei-comuni\/#breadcrumb","itemListElement":[{"@type":"ListItem","position":1,"name":"Home","item":"https:\/\/www.planetel.it\/en\/"},{"@type":"ListItem","position":2,"name":"Clienti","item":"https:\/\/www.planetel.it\/news\/blog\/categoria\/clienti\/"},{"@type":"ListItem","position":3,"name":"Pubblica Amministrazione","item":"https:\/\/www.planetel.it\/news\/blog\/categoria\/pubblica-amministrazione\/"},{"@type":"ListItem","position":4,"name":"La rete in Fibra ottica Planetel al servizio dei Comuni"}]},{"@type":"WebSite","@id":"https:\/\/www.planetel.it\/en\/#website","url":"https:\/\/www.planetel.it\/en\/","name":"Planetel","description":"Pi\u00f9 che una connessione","publisher":{"@id":"https:\/\/www.planetel.it\/en\/#organization"},"potentialAction":[{"@type":"SearchAction","target":{"@type":"EntryPoint","urlTemplate":"https:\/\/www.planetel.it\/en\/?s={search_term_string}"},"query-input":{"@type":"PropertyValueSpecification","valueRequired":true,"valueName":"search_term_string"}}],"inLanguage":"en-US"},{"@type":"Organization","@id":"https:\/\/www.planetel.it\/en\/#organization","name":"Planetel S.p.A.","url":"https:\/\/www.planetel.it\/en\/","logo":{"@type":"ImageObject","inLanguage":"en-US","@id":"https:\/\/www.planetel.it\/en\/#\/schema\/logo\/image\/","url":"https:\/\/www.planetel.it\/wp-content\/uploads\/2024\/04\/logo-group-planetel.svg","contentUrl":"https:\/\/www.planetel.it\/wp-content\/uploads\/2024\/04\/logo-group-planetel.svg","width":1,"height":1,"caption":"Planetel S.p.A."},"image":{"@id":"https:\/\/www.planetel.it\/en\/#\/schema\/logo\/image\/"},"sameAs":["https:\/\/www.facebook.com\/planetelspa","https:\/\/www.linkedin.com\/company\/planetel","https:\/\/www.instagram.com\/planetelspa"]},{"@type":"Person","@id":"https:\/\/www.planetel.it\/en\/#\/schema\/person\/8e74703d23ff222042246a845bb004fa","name":"Andrea Brumana","image":{"@type":"ImageObject","inLanguage":"en-US","@id":"https:\/\/secure.gravatar.com\/avatar\/9a839884f24513d8bf063a907c74d8d2483fb1c4bbbf7cf7222c3e08581e4219?s=96&d=mm&r=g","url":"https:\/\/secure.gravatar.com\/avatar\/9a839884f24513d8bf063a907c74d8d2483fb1c4bbbf7cf7222c3e08581e4219?s=96&d=mm&r=g","contentUrl":"https:\/\/secure.gravatar.com\/avatar\/9a839884f24513d8bf063a907c74d8d2483fb1c4bbbf7cf7222c3e08581e4219?s=96&d=mm&r=g","caption":"Andrea Brumana"},"url":"https:\/\/www.planetel.it\/en\/author\/a-brumana\/"}]}},"_links":{"self":[{"href":"https:\/\/www.planetel.it\/en\/wp-json\/wp\/v2\/posts\/75000","targetHints":{"allow":["GET"]}}],"collection":[{"href":"https:\/\/www.planetel.it\/en\/wp-json\/wp\/v2\/posts"}],"about":[{"href":"https:\/\/www.planetel.it\/en\/wp-json\/wp\/v2\/types\/post"}],"author":[{"embeddable":true,"href":"https:\/\/www.planetel.it\/en\/wp-json\/wp\/v2\/users\/4"}],"replies":[{"embeddable":true,"href":"https:\/\/www.planetel.it\/en\/wp-json\/wp\/v2\/comments?post=75000"}],"version-history":[{"count":3,"href":"https:\/\/www.planetel.it\/en\/wp-json\/wp\/v2\/posts\/75000\/revisions"}],"predecessor-version":[{"id":75009,"href":"https:\/\/www.planetel.it\/en\/wp-json\/wp\/v2\/posts\/75000\/revisions\/75009"}],"wp:featuredmedia":[{"embeddable":true,"href":"https:\/\/www.planetel.it\/en\/wp-json\/wp\/v2\/media\/75002"}],"wp:attachment":[{"href":"https:\/\/www.planetel.it\/en\/wp-json\/wp\/v2\/media?parent=75000"}],"wp:term":[{"taxonomy":"category","embeddable":true,"href":"https:\/\/www.planetel.it\/en\/wp-json\/wp\/v2\/categories?post=75000"},{"taxonomy":"post_tag","embeddable":true,"href":"https:\/\/www.planetel.it\/en\/wp-json\/wp\/v2\/tags?post=75000"},{"taxonomy":"service_category","embeddable":true,"href":"https:\/\/www.planetel.it\/en\/wp-json\/wp\/v2\/service_category?post=75000"}],"curies":[{"name":"wp","href":"https:\/\/api.w.org\/{rel}","templated":true}]}}