{"id":75366,"date":"2025-12-02T08:30:00","date_gmt":"2025-12-02T07:30:00","guid":{"rendered":"https:\/\/www.planetel.it\/?p=75366"},"modified":"2025-11-28T08:46:19","modified_gmt":"2025-11-28T07:46:19","slug":"planetel-green-fibra-ottica-device-ricondizionato","status":"publish","type":"post","link":"https:\/\/www.planetel.it\/en\/2025\/12\/planetel-green-fibra-ottica-device-ricondizionato\/","title":{"rendered":"Planetel Green: la tua scelta smart e sostenibile"},"content":{"rendered":"\n<p>Quando parliamo di connessione di qualit\u00e0, per noi non si tratta solo di velocit\u00e0. Significa anche fare scelte concrete e sostenibili. Cosa c\u2019\u00e8 di meglio, allora, della nostra proposta per i privati <strong>Planetel Green<\/strong>, una soluzione che <strong>unisce la Fibra ottica ultraveloce Planetel con il valore della tecnologia ricondizionata<\/strong>. Un\u2019offerta gi\u00e0 molto apprezzata, che merita di tornare sotto i riflettori perch\u00e9 oggi pi\u00f9 che mai rappresenta un modo responsabile, conveniente e moderno di costruire il proprio ecosistema digitale.<\/p>\n\n\n\n<div style=\"height:50px\" aria-hidden=\"true\" class=\"wp-block-spacer\"><\/div>\n\n\n<h2 class=\"wp-block-heading\" id=\"perche-oggi-ha-senso-parlare-di-planetel-green\">Perch\u00e9 oggi ha senso parlare di Planetel Green<\/h2>\n\n\n<p>Viviamo in un contesto in cui, inevitabilmente, tutti siamo pi\u00f9 attenti a ci\u00f2 che acquistiamo. Nella marea di prodotti e servizi che ci vengono sottoposti quotidianamente, cerchiamo per lo pi\u00f9 prestazioni affidabili, massima qualit\u00e0 e allo stesso tempo un approccio pi\u00f9 consapevole alla tecnologia. Con <strong>Planetel Green<\/strong> rispondiamo proprio a questo bisogno.<\/p>\n\n\n\n<p>Abbiamo scelto, infatti, di proporre una soluzione davvero equilibrata, unendo la nostra <strong>Fibra ottica ad alte prestazioni<\/strong> a un <strong>device ricondizionato TrenDevice di Classe A<\/strong>, garantito 12 mesi.<\/p>\n\n\n\n<p>Una connessione potente, stabile e sicura, accompagnata da un dispositivo ricondizionato Top Level: zero sprechi inutili, massimo valore per l\u2019utente.<\/p>\n\n\n\n<p>In poche parole, <strong>una tecnologia che fa bene alla casa e al pianeta<\/strong>, senza rinunce.<\/p>\n\n\n\n<div style=\"height:50px\" aria-hidden=\"true\" class=\"wp-block-spacer\"><\/div>\n\n\n<h2 class=\"wp-block-heading\" id=\"cosa-include-lofferta-planetel-green-e-perche-conviene\">Cosa include l\u2019offerta Planetel Green e perch\u00e9 conviene<\/h2>\n\n\n<p><strong>Planetel Green<\/strong> \u00e8 pensata per chi cerca qualit\u00e0, flessibilit\u00e0 e un modo di vivere la tecnologia pi\u00f9 sostenibile.<\/p>\n\n\n\n<div style=\"height:30px\" aria-hidden=\"true\" class=\"wp-block-spacer\"><\/div>\n\n\n<h3 class=\"wp-block-heading\" id=\"la-forza-della-fibra-ottica-planetel\">La forza della Fibra ottica Planetel<\/h3>\n\n\n<p>Il primo tassello dell\u2019offerta Planetel Green \u00e8 chiaramente <strong>la connessione<\/strong>. Sar\u00e0 sempre la migliore disponibile alla tua copertura: <strong>FTTH<\/strong> quando possibile, oppure <strong>FTTCab<\/strong> ad alte prestazioni.<\/p>\n\n\n\n<p>Il prezzo della Fibra \u00e8 <strong>bloccato a 24,95\u20ac <\/strong>per 24 mesi. Nel pacchetto, inoltre, sono inclusi:<\/p>\n\n\n\n<ul class=\"wp-block-list\">\n<li><strong>Router Wi-Fi<\/strong><\/li>\n\n\n\n<li><strong>Linea telefonica a consumo<\/strong><\/li>\n\n\n\n<li><strong>Planetel+<\/strong>, che ottimizza la qualit\u00e0 della linea e garantisce assistenza dedicata<\/li>\n<\/ul>\n\n\n\n<p>Una fibra potente, pulita e sostenibile \u00e8 esattamente l\u2019esperienza digitale che vogliamo offrire.<\/p>\n\n\n\n<div style=\"height:30px\" aria-hidden=\"true\" class=\"wp-block-spacer\"><\/div>\n\n\n<h3 class=\"wp-block-heading\" id=\"il-valore-dei-device-ricondizionati-trendevice\">Il valore dei device ricondizionati TrenDevice<\/h3>\n\n\n<p>Il cuore &#8220;green&#8221; dell\u2019offerta \u00e8 proprio la scelta del device: uno smartphone <strong>ricondizionato TrenDevice Classe A<\/strong>, con 12 mesi di garanzia.<\/p>\n\n\n\n<p>Parliamo di prodotti selezionati, testati e rigenerati con criteri rigorosi, perfetti per chi vuole qualit\u00e0 premium senza sprechi.<\/p>\n\n\n\n<p>Il cliente pu\u00f2 scegliere il modello e la durata della rata, <strong>36 o 48 mesi<\/strong>, per una gestione semplice e su misura.<\/p>\n\n\n\n<div style=\"height:30px\" aria-hidden=\"true\" class=\"wp-block-spacer\"><\/div>\n\n\n<h3 class=\"wp-block-heading\" id=\"convenienza-e-flessibilita-per-una-scelta-smart\">Convenienza e flessibilit\u00e0 per una scelta smart<\/h3>\n\n\n<p><strong>Planetel Green<\/strong> \u00e8 la risposta per chi vuole performance senza compromessi, un approccio sostenibile alla tecnologia, costi chiari, trasparenti e bloccati, la libert\u00e0 di scegliere il proprio smartphone e un pacchetto completo, pronto all\u2019uso<\/p>\n\n\n\n<p>Nessun fronzolo, solo un modo pi\u00f9 moderno di vivere la connettivit\u00e0 con zero sprechi e massimo valore. In altre parole, <strong>connessi con la natura<\/strong>.<\/p>\n\n\n\n<div style=\"height:50px\" aria-hidden=\"true\" class=\"wp-block-spacer\"><\/div>\n\n\n\n<p class=\"has-text-align-center\"><strong>Verifica subito la copertura al tuo indirizzo e attiva Planetel Green!<\/strong> <\/p>\n\n\n\n<div class=\"wp-block-buttons is-content-justification-center is-layout-flex wp-container-core-buttons-is-layout-16018d1d wp-block-buttons-is-layout-flex\">\n<div class=\"wp-block-button\"><a class=\"wp-block-button__link has-white-color has-text-color has-background has-link-color wp-element-button\" href=\"https:\/\/fibra.planetel.it\/\" style=\"background-color:#439f36\">Verifica copertura<\/a><\/div>\n<\/div>\n\n\n\n<p><\/p>\n","protected":false},"excerpt":{"rendered":"<p>Quando parliamo di connessione di qualit\u00e0, per noi non si tratta solo di velocit\u00e0. Significa anche fare scelte concrete e sostenibili. Cosa c\u2019\u00e8 di meglio, allora, della nostra proposta per i privati Planetel Green, una soluzione che unisce la Fibra ottica ultraveloce Planetel con il valore della tecnologia ricondizionata. Un\u2019offerta gi\u00e0 molto apprezzata, che merita [&hellip;]<\/p>\n","protected":false},"author":4,"featured_media":75367,"comment_status":"closed","ping_status":"closed","sticky":false,"template":"","format":"standard","meta":{"_acf_changed":false,"footnotes":""},"categories":[692,716,730],"tags":[379,992,993,994],"service_category":[312],"class_list":["post-75366","post","type-post","status-publish","format-standard","has-post-thumbnail","hentry","category-connettivita-fibra-ottica","category-privati","category-ambiente","tag-fibra-ottica","tag-planetel-green","tag-privati","tag-device-ricondizionato","service_category-telecomunicazioni"],"acf":[],"yoast_head":"<!-- This site is optimized with the Yoast SEO plugin v27.3 - https:\/\/yoast.com\/product\/yoast-seo-wordpress\/ -->\n<title>Planetel Green: Fibra sostenibile e Device ricondizionato<\/title>\n<meta name=\"description\" content=\"Scopri Planetel Green: Fibra ottica, device ricondizionato, prezzo bloccato e tecnologia sostenibile. Zero sprechi, massimo valore!\" \/>\n<meta name=\"robots\" content=\"index, follow, max-snippet:-1, max-image-preview:large, max-video-preview:-1\" \/>\n<link rel=\"canonical\" href=\"https:\/\/www.planetel.it\/en\/2025\/12\/planetel-green-fibra-ottica-device-ricondizionato\/\" \/>\n<meta property=\"og:locale\" content=\"en_US\" \/>\n<meta property=\"og:type\" content=\"article\" \/>\n<meta property=\"og:title\" content=\"Planetel Green: Fibra sostenibile e Device ricondizionato\" \/>\n<meta property=\"og:description\" content=\"Scopri Planetel Green: Fibra ottica, device ricondizionato, prezzo bloccato e tecnologia sostenibile. Zero sprechi, massimo valore!\" \/>\n<meta property=\"og:url\" content=\"https:\/\/www.planetel.it\/en\/2025\/12\/planetel-green-fibra-ottica-device-ricondizionato\/\" \/>\n<meta property=\"og:site_name\" content=\"Planetel\" \/>\n<meta property=\"article:publisher\" content=\"https:\/\/www.facebook.com\/planetelspa\" \/>\n<meta property=\"article:published_time\" content=\"2025-12-02T07:30:00+00:00\" \/>\n<meta property=\"og:image\" content=\"https:\/\/www.planetel.it\/wp-content\/uploads\/2025\/11\/1200x630-articoli-blog-baco-seta.jpg\" \/>\n\t<meta property=\"og:image:width\" content=\"1600\" \/>\n\t<meta property=\"og:image:height\" content=\"840\" \/>\n\t<meta property=\"og:image:type\" content=\"image\/jpeg\" \/>\n<meta name=\"twitter:card\" content=\"summary_large_image\" \/>\n<meta name=\"twitter:label1\" content=\"Written by\" \/>\n\t<meta name=\"twitter:data1\" content=\"Andrea Brumana\" \/>\n\t<meta name=\"twitter:label2\" content=\"Est. reading time\" \/>\n\t<meta name=\"twitter:data2\" content=\"3 minutes\" \/>\n<script type=\"application\/ld+json\" class=\"yoast-schema-graph\">{\"@context\":\"https:\\\/\\\/schema.org\",\"@graph\":[{\"@type\":\"Article\",\"@id\":\"https:\\\/\\\/www.planetel.it\\\/en\\\/2025\\\/12\\\/planetel-green-fibra-ottica-device-ricondizionato\\\/#article\",\"isPartOf\":{\"@id\":\"https:\\\/\\\/www.planetel.it\\\/en\\\/2025\\\/12\\\/planetel-green-fibra-ottica-device-ricondizionato\\\/\"},\"author\":{\"name\":\"Andrea Brumana\",\"@id\":\"https:\\\/\\\/www.planetel.it\\\/en\\\/#\\\/schema\\\/person\\\/8e74703d23ff222042246a845bb004fa\"},\"headline\":\"Planetel Green: la tua scelta smart e sostenibile\",\"datePublished\":\"2025-12-02T07:30:00+00:00\",\"mainEntityOfPage\":{\"@id\":\"https:\\\/\\\/www.planetel.it\\\/en\\\/2025\\\/12\\\/planetel-green-fibra-ottica-device-ricondizionato\\\/\"},\"wordCount\":453,\"publisher\":{\"@id\":\"https:\\\/\\\/www.planetel.it\\\/en\\\/#organization\"},\"image\":{\"@id\":\"https:\\\/\\\/www.planetel.it\\\/en\\\/2025\\\/12\\\/planetel-green-fibra-ottica-device-ricondizionato\\\/#primaryimage\"},\"thumbnailUrl\":\"https:\\\/\\\/www.planetel.it\\\/wp-content\\\/uploads\\\/2025\\\/11\\\/1200x630-articoli-blog-baco-seta.jpg\",\"keywords\":[\"Fibra ottica\",\"Planetel Green\",\"Privati\",\"Device ricondizionato\"],\"articleSection\":[\"Connettivit\u00e0 Fibra ottica\",\"Privati\",\"Ambiente\"],\"inLanguage\":\"en-US\"},{\"@type\":\"WebPage\",\"@id\":\"https:\\\/\\\/www.planetel.it\\\/en\\\/2025\\\/12\\\/planetel-green-fibra-ottica-device-ricondizionato\\\/\",\"url\":\"https:\\\/\\\/www.planetel.it\\\/en\\\/2025\\\/12\\\/planetel-green-fibra-ottica-device-ricondizionato\\\/\",\"name\":\"Planetel Green: Fibra sostenibile e Device ricondizionato\",\"isPartOf\":{\"@id\":\"https:\\\/\\\/www.planetel.it\\\/en\\\/#website\"},\"primaryImageOfPage\":{\"@id\":\"https:\\\/\\\/www.planetel.it\\\/en\\\/2025\\\/12\\\/planetel-green-fibra-ottica-device-ricondizionato\\\/#primaryimage\"},\"image\":{\"@id\":\"https:\\\/\\\/www.planetel.it\\\/en\\\/2025\\\/12\\\/planetel-green-fibra-ottica-device-ricondizionato\\\/#primaryimage\"},\"thumbnailUrl\":\"https:\\\/\\\/www.planetel.it\\\/wp-content\\\/uploads\\\/2025\\\/11\\\/1200x630-articoli-blog-baco-seta.jpg\",\"datePublished\":\"2025-12-02T07:30:00+00:00\",\"description\":\"Scopri Planetel Green: Fibra ottica, device ricondizionato, prezzo bloccato e tecnologia sostenibile. Zero sprechi, massimo valore!\",\"breadcrumb\":{\"@id\":\"https:\\\/\\\/www.planetel.it\\\/en\\\/2025\\\/12\\\/planetel-green-fibra-ottica-device-ricondizionato\\\/#breadcrumb\"},\"inLanguage\":\"en-US\",\"potentialAction\":[{\"@type\":\"ReadAction\",\"target\":[\"https:\\\/\\\/www.planetel.it\\\/en\\\/2025\\\/12\\\/planetel-green-fibra-ottica-device-ricondizionato\\\/\"]}]},{\"@type\":\"ImageObject\",\"inLanguage\":\"en-US\",\"@id\":\"https:\\\/\\\/www.planetel.it\\\/en\\\/2025\\\/12\\\/planetel-green-fibra-ottica-device-ricondizionato\\\/#primaryimage\",\"url\":\"https:\\\/\\\/www.planetel.it\\\/wp-content\\\/uploads\\\/2025\\\/11\\\/1200x630-articoli-blog-baco-seta.jpg\",\"contentUrl\":\"https:\\\/\\\/www.planetel.it\\\/wp-content\\\/uploads\\\/2025\\\/11\\\/1200x630-articoli-blog-baco-seta.jpg\",\"width\":1600,\"height\":840,\"caption\":\"Planetel Green\"},{\"@type\":\"BreadcrumbList\",\"@id\":\"https:\\\/\\\/www.planetel.it\\\/en\\\/2025\\\/12\\\/planetel-green-fibra-ottica-device-ricondizionato\\\/#breadcrumb\",\"itemListElement\":[{\"@type\":\"ListItem\",\"position\":1,\"name\":\"Home\",\"item\":\"https:\\\/\\\/www.planetel.it\\\/en\\\/\"},{\"@type\":\"ListItem\",\"position\":2,\"name\":\"Servizi\",\"item\":\"https:\\\/\\\/www.planetel.it\\\/news\\\/blog\\\/categoria\\\/servizi\\\/\"},{\"@type\":\"ListItem\",\"position\":3,\"name\":\"Connettivit\u00e0 Fibra ottica\",\"item\":\"https:\\\/\\\/www.planetel.it\\\/news\\\/blog\\\/categoria\\\/connettivita-fibra-ottica\\\/\"},{\"@type\":\"ListItem\",\"position\":4,\"name\":\"Planetel Green: la tua scelta smart e sostenibile\"}]},{\"@type\":\"WebSite\",\"@id\":\"https:\\\/\\\/www.planetel.it\\\/en\\\/#website\",\"url\":\"https:\\\/\\\/www.planetel.it\\\/en\\\/\",\"name\":\"Planetel\",\"description\":\"Pi\u00f9 che una connessione\",\"publisher\":{\"@id\":\"https:\\\/\\\/www.planetel.it\\\/en\\\/#organization\"},\"potentialAction\":[{\"@type\":\"SearchAction\",\"target\":{\"@type\":\"EntryPoint\",\"urlTemplate\":\"https:\\\/\\\/www.planetel.it\\\/en\\\/?s={search_term_string}\"},\"query-input\":{\"@type\":\"PropertyValueSpecification\",\"valueRequired\":true,\"valueName\":\"search_term_string\"}}],\"inLanguage\":\"en-US\"},{\"@type\":\"Organization\",\"@id\":\"https:\\\/\\\/www.planetel.it\\\/en\\\/#organization\",\"name\":\"Planetel S.p.A.\",\"url\":\"https:\\\/\\\/www.planetel.it\\\/en\\\/\",\"logo\":{\"@type\":\"ImageObject\",\"inLanguage\":\"en-US\",\"@id\":\"https:\\\/\\\/www.planetel.it\\\/en\\\/#\\\/schema\\\/logo\\\/image\\\/\",\"url\":\"https:\\\/\\\/www.planetel.it\\\/wp-content\\\/uploads\\\/2024\\\/04\\\/logo-group-planetel.svg\",\"contentUrl\":\"https:\\\/\\\/www.planetel.it\\\/wp-content\\\/uploads\\\/2024\\\/04\\\/logo-group-planetel.svg\",\"width\":1,\"height\":1,\"caption\":\"Planetel S.p.A.\"},\"image\":{\"@id\":\"https:\\\/\\\/www.planetel.it\\\/en\\\/#\\\/schema\\\/logo\\\/image\\\/\"},\"sameAs\":[\"https:\\\/\\\/www.facebook.com\\\/planetelspa\",\"https:\\\/\\\/www.linkedin.com\\\/company\\\/planetel\",\"https:\\\/\\\/www.instagram.com\\\/planetelspa\"]},{\"@type\":\"Person\",\"@id\":\"https:\\\/\\\/www.planetel.it\\\/en\\\/#\\\/schema\\\/person\\\/8e74703d23ff222042246a845bb004fa\",\"name\":\"Andrea Brumana\",\"image\":{\"@type\":\"ImageObject\",\"inLanguage\":\"en-US\",\"@id\":\"https:\\\/\\\/secure.gravatar.com\\\/avatar\\\/9a839884f24513d8bf063a907c74d8d2483fb1c4bbbf7cf7222c3e08581e4219?s=96&d=mm&r=g\",\"url\":\"https:\\\/\\\/secure.gravatar.com\\\/avatar\\\/9a839884f24513d8bf063a907c74d8d2483fb1c4bbbf7cf7222c3e08581e4219?s=96&d=mm&r=g\",\"contentUrl\":\"https:\\\/\\\/secure.gravatar.com\\\/avatar\\\/9a839884f24513d8bf063a907c74d8d2483fb1c4bbbf7cf7222c3e08581e4219?s=96&d=mm&r=g\",\"caption\":\"Andrea Brumana\"},\"url\":\"https:\\\/\\\/www.planetel.it\\\/en\\\/author\\\/a-brumana\\\/\"}]}<\/script>\n<!-- \/ Yoast SEO plugin. -->","yoast_head_json":{"title":"Planetel Green: Fibra sostenibile e Device ricondizionato","description":"Scopri Planetel Green: Fibra ottica, device ricondizionato, prezzo bloccato e tecnologia sostenibile. Zero sprechi, massimo valore!","robots":{"index":"index","follow":"follow","max-snippet":"max-snippet:-1","max-image-preview":"max-image-preview:large","max-video-preview":"max-video-preview:-1"},"canonical":"https:\/\/www.planetel.it\/en\/2025\/12\/planetel-green-fibra-ottica-device-ricondizionato\/","og_locale":"en_US","og_type":"article","og_title":"Planetel Green: Fibra sostenibile e Device ricondizionato","og_description":"Scopri Planetel Green: Fibra ottica, device ricondizionato, prezzo bloccato e tecnologia sostenibile. Zero sprechi, massimo valore!","og_url":"https:\/\/www.planetel.it\/en\/2025\/12\/planetel-green-fibra-ottica-device-ricondizionato\/","og_site_name":"Planetel","article_publisher":"https:\/\/www.facebook.com\/planetelspa","article_published_time":"2025-12-02T07:30:00+00:00","og_image":[{"width":1600,"height":840,"url":"https:\/\/www.planetel.it\/wp-content\/uploads\/2025\/11\/1200x630-articoli-blog-baco-seta.jpg","type":"image\/jpeg"}],"twitter_card":"summary_large_image","twitter_misc":{"Written by":"Andrea Brumana","Est. reading time":"3 minutes"},"schema":{"@context":"https:\/\/schema.org","@graph":[{"@type":"Article","@id":"https:\/\/www.planetel.it\/en\/2025\/12\/planetel-green-fibra-ottica-device-ricondizionato\/#article","isPartOf":{"@id":"https:\/\/www.planetel.it\/en\/2025\/12\/planetel-green-fibra-ottica-device-ricondizionato\/"},"author":{"name":"Andrea Brumana","@id":"https:\/\/www.planetel.it\/en\/#\/schema\/person\/8e74703d23ff222042246a845bb004fa"},"headline":"Planetel Green: la tua scelta smart e sostenibile","datePublished":"2025-12-02T07:30:00+00:00","mainEntityOfPage":{"@id":"https:\/\/www.planetel.it\/en\/2025\/12\/planetel-green-fibra-ottica-device-ricondizionato\/"},"wordCount":453,"publisher":{"@id":"https:\/\/www.planetel.it\/en\/#organization"},"image":{"@id":"https:\/\/www.planetel.it\/en\/2025\/12\/planetel-green-fibra-ottica-device-ricondizionato\/#primaryimage"},"thumbnailUrl":"https:\/\/www.planetel.it\/wp-content\/uploads\/2025\/11\/1200x630-articoli-blog-baco-seta.jpg","keywords":["Fibra ottica","Planetel Green","Privati","Device ricondizionato"],"articleSection":["Connettivit\u00e0 Fibra ottica","Privati","Ambiente"],"inLanguage":"en-US"},{"@type":"WebPage","@id":"https:\/\/www.planetel.it\/en\/2025\/12\/planetel-green-fibra-ottica-device-ricondizionato\/","url":"https:\/\/www.planetel.it\/en\/2025\/12\/planetel-green-fibra-ottica-device-ricondizionato\/","name":"Planetel Green: Fibra sostenibile e Device ricondizionato","isPartOf":{"@id":"https:\/\/www.planetel.it\/en\/#website"},"primaryImageOfPage":{"@id":"https:\/\/www.planetel.it\/en\/2025\/12\/planetel-green-fibra-ottica-device-ricondizionato\/#primaryimage"},"image":{"@id":"https:\/\/www.planetel.it\/en\/2025\/12\/planetel-green-fibra-ottica-device-ricondizionato\/#primaryimage"},"thumbnailUrl":"https:\/\/www.planetel.it\/wp-content\/uploads\/2025\/11\/1200x630-articoli-blog-baco-seta.jpg","datePublished":"2025-12-02T07:30:00+00:00","description":"Scopri Planetel Green: Fibra ottica, device ricondizionato, prezzo bloccato e tecnologia sostenibile. Zero sprechi, massimo valore!","breadcrumb":{"@id":"https:\/\/www.planetel.it\/en\/2025\/12\/planetel-green-fibra-ottica-device-ricondizionato\/#breadcrumb"},"inLanguage":"en-US","potentialAction":[{"@type":"ReadAction","target":["https:\/\/www.planetel.it\/en\/2025\/12\/planetel-green-fibra-ottica-device-ricondizionato\/"]}]},{"@type":"ImageObject","inLanguage":"en-US","@id":"https:\/\/www.planetel.it\/en\/2025\/12\/planetel-green-fibra-ottica-device-ricondizionato\/#primaryimage","url":"https:\/\/www.planetel.it\/wp-content\/uploads\/2025\/11\/1200x630-articoli-blog-baco-seta.jpg","contentUrl":"https:\/\/www.planetel.it\/wp-content\/uploads\/2025\/11\/1200x630-articoli-blog-baco-seta.jpg","width":1600,"height":840,"caption":"Planetel Green"},{"@type":"BreadcrumbList","@id":"https:\/\/www.planetel.it\/en\/2025\/12\/planetel-green-fibra-ottica-device-ricondizionato\/#breadcrumb","itemListElement":[{"@type":"ListItem","position":1,"name":"Home","item":"https:\/\/www.planetel.it\/en\/"},{"@type":"ListItem","position":2,"name":"Servizi","item":"https:\/\/www.planetel.it\/news\/blog\/categoria\/servizi\/"},{"@type":"ListItem","position":3,"name":"Connettivit\u00e0 Fibra ottica","item":"https:\/\/www.planetel.it\/news\/blog\/categoria\/connettivita-fibra-ottica\/"},{"@type":"ListItem","position":4,"name":"Planetel Green: la tua scelta smart e sostenibile"}]},{"@type":"WebSite","@id":"https:\/\/www.planetel.it\/en\/#website","url":"https:\/\/www.planetel.it\/en\/","name":"Planetel","description":"Pi\u00f9 che una connessione","publisher":{"@id":"https:\/\/www.planetel.it\/en\/#organization"},"potentialAction":[{"@type":"SearchAction","target":{"@type":"EntryPoint","urlTemplate":"https:\/\/www.planetel.it\/en\/?s={search_term_string}"},"query-input":{"@type":"PropertyValueSpecification","valueRequired":true,"valueName":"search_term_string"}}],"inLanguage":"en-US"},{"@type":"Organization","@id":"https:\/\/www.planetel.it\/en\/#organization","name":"Planetel S.p.A.","url":"https:\/\/www.planetel.it\/en\/","logo":{"@type":"ImageObject","inLanguage":"en-US","@id":"https:\/\/www.planetel.it\/en\/#\/schema\/logo\/image\/","url":"https:\/\/www.planetel.it\/wp-content\/uploads\/2024\/04\/logo-group-planetel.svg","contentUrl":"https:\/\/www.planetel.it\/wp-content\/uploads\/2024\/04\/logo-group-planetel.svg","width":1,"height":1,"caption":"Planetel S.p.A."},"image":{"@id":"https:\/\/www.planetel.it\/en\/#\/schema\/logo\/image\/"},"sameAs":["https:\/\/www.facebook.com\/planetelspa","https:\/\/www.linkedin.com\/company\/planetel","https:\/\/www.instagram.com\/planetelspa"]},{"@type":"Person","@id":"https:\/\/www.planetel.it\/en\/#\/schema\/person\/8e74703d23ff222042246a845bb004fa","name":"Andrea Brumana","image":{"@type":"ImageObject","inLanguage":"en-US","@id":"https:\/\/secure.gravatar.com\/avatar\/9a839884f24513d8bf063a907c74d8d2483fb1c4bbbf7cf7222c3e08581e4219?s=96&d=mm&r=g","url":"https:\/\/secure.gravatar.com\/avatar\/9a839884f24513d8bf063a907c74d8d2483fb1c4bbbf7cf7222c3e08581e4219?s=96&d=mm&r=g","contentUrl":"https:\/\/secure.gravatar.com\/avatar\/9a839884f24513d8bf063a907c74d8d2483fb1c4bbbf7cf7222c3e08581e4219?s=96&d=mm&r=g","caption":"Andrea Brumana"},"url":"https:\/\/www.planetel.it\/en\/author\/a-brumana\/"}]}},"_links":{"self":[{"href":"https:\/\/www.planetel.it\/en\/wp-json\/wp\/v2\/posts\/75366","targetHints":{"allow":["GET"]}}],"collection":[{"href":"https:\/\/www.planetel.it\/en\/wp-json\/wp\/v2\/posts"}],"about":[{"href":"https:\/\/www.planetel.it\/en\/wp-json\/wp\/v2\/types\/post"}],"author":[{"embeddable":true,"href":"https:\/\/www.planetel.it\/en\/wp-json\/wp\/v2\/users\/4"}],"replies":[{"embeddable":true,"href":"https:\/\/www.planetel.it\/en\/wp-json\/wp\/v2\/comments?post=75366"}],"version-history":[{"count":3,"href":"https:\/\/www.planetel.it\/en\/wp-json\/wp\/v2\/posts\/75366\/revisions"}],"predecessor-version":[{"id":75524,"href":"https:\/\/www.planetel.it\/en\/wp-json\/wp\/v2\/posts\/75366\/revisions\/75524"}],"wp:featuredmedia":[{"embeddable":true,"href":"https:\/\/www.planetel.it\/en\/wp-json\/wp\/v2\/media\/75367"}],"wp:attachment":[{"href":"https:\/\/www.planetel.it\/en\/wp-json\/wp\/v2\/media?parent=75366"}],"wp:term":[{"taxonomy":"category","embeddable":true,"href":"https:\/\/www.planetel.it\/en\/wp-json\/wp\/v2\/categories?post=75366"},{"taxonomy":"post_tag","embeddable":true,"href":"https:\/\/www.planetel.it\/en\/wp-json\/wp\/v2\/tags?post=75366"},{"taxonomy":"service_category","embeddable":true,"href":"https:\/\/www.planetel.it\/en\/wp-json\/wp\/v2\/service_category?post=75366"}],"curies":[{"name":"wp","href":"https:\/\/api.w.org\/{rel}","templated":true}]}}