{"id":78107,"date":"2026-01-08T09:35:20","date_gmt":"2026-01-08T08:35:20","guid":{"rendered":"https:\/\/www.planetel.it\/?p=78107"},"modified":"2026-01-08T09:35:24","modified_gmt":"2026-01-08T08:35:24","slug":"nasce-planetel-nordest","status":"publish","type":"post","link":"https:\/\/www.planetel.it\/en\/2026\/01\/nasce-planetel-nordest\/","title":{"rendered":"Nasce Planetel Nordest: il nuovo presidio del Gruppo Planetel nel Nord-Est"},"content":{"rendered":"\n<p>Negli ultimi anni abbiamo lavorato con un obiettivo chiaro: <strong>rafforzare la nostra presenza sui territori, ottimizzare la struttura del Gruppo <\/strong>e <strong>offrire ai clienti un\u2019esperienza sempre pi\u00f9 solida, integrata e vicina <\/strong>alle loro esigenze. \u00c8 da questa visione che nasce <strong>Planetel Nordest<\/strong>, la nuova realt\u00e0 del Gruppo Planetel dedicata al Nord-Est.<\/p>\n\n\n\n<p>Planetel Nordest prende forma dalla fusione per incorporazione di Connetical in Trivenet, entrambe societ\u00e0 gi\u00e0 parte del nostro Gruppo. Un passaggio naturale, coerente con il percorso che stiamo portando avanti e che segna un\u2019evoluzione importante nel modo in cui presidiamo e sviluppiamo quest\u2019area strategica.<\/p>\n\n\n\n<div style=\"height:20px\" aria-hidden=\"true\" class=\"wp-block-spacer\"><\/div>\n\n\n\n<div class=\"wp-block-buttons is-content-justification-center is-layout-flex wp-container-core-buttons-is-layout-16018d1d wp-block-buttons-is-layout-flex\">\n<div class=\"wp-block-button\"><a class=\"wp-block-button__link has-white-color has-text-color has-background has-link-color has-text-align-center wp-element-button\" href=\"https:\/\/www.youtube.com\/watch?v=i2ucIWtcZIs\" style=\"background-color:#439f36\" target=\"_blank\" rel=\"noreferrer noopener\">Guarda la presentazione<\/a><\/div>\n<\/div>\n\n\n\n<div style=\"height:50px\" aria-hidden=\"true\" class=\"wp-block-spacer\"><\/div>\n\n\n<h2 class=\"wp-block-heading\" id=\"unoperazione-che-guarda-alla-semplificazione-e-al-territorio\">Un\u2019operazione che guarda alla semplificazione e al territorio<\/h2>\n\n\n<p>La <a href=\"https:\/\/www.planetel.it\/docs\/planetel-s-p-a-stipula-atto-di-fusione-di-connetical-s-r-l-in-trivenet-s-r-l-nasce-planetel-nordest-s-r-l\/\" target=\"_blank\" rel=\"noreferrer noopener\">fusione<\/a> \u00e8 stata formalizzata il 10 dicembre 2025, con efficacia giuridica e contabile dal 1\u00b0 gennaio 2026. A partire dal 7 gennaio 2026, Trivenet assume ufficialmente la nuova denominazione <strong>Planetel Nordest S.r.l.<\/strong><\/p>\n\n\n\n<div style=\"height:30px\" aria-hidden=\"true\" class=\"wp-block-spacer\"><\/div>\n\n\n<h3 class=\"wp-block-heading\" id=\"perche-nasce-planetel-nordest\">Perch\u00e9 nasce Planetel Nordest <\/h3>\n\n\n<p>Questa operazione si inserisce in un pi\u00f9 ampio processo di <strong>riorganizzazione e semplificazione societaria<\/strong> del Gruppo Planetel. L\u2019obiettivo \u00e8 chiaro: ridurre complessit\u00e0, valorizzare le sinergie interne e rendere ancora pi\u00f9 efficace la nostra presenza locale.<\/p>\n\n\n\n<p>Nel Nord-Est operavano gi\u00e0 competenze, persone e infrastrutture che lavoravano in modo coordinato. Con Planetel Nordest abbiamo scelto di <strong>riunire tutto in un\u2019unica identit\u00e0<\/strong>, pi\u00f9 riconoscibile e pi\u00f9 forte, capace di rappresentare al meglio il nostro impegno sul territorio.<\/p>\n\n\n\n<div style=\"height:30px\" aria-hidden=\"true\" class=\"wp-block-spacer\"><\/div>\n\n\n<h3 class=\"wp-block-heading\" id=\"un-presidio-territoriale-ancora-piu-solido\">Un presidio territoriale ancora pi\u00f9 solido<\/h3>\n\n\n<p>Planetel Nordest rappresenta oggi <strong>il punto di riferimento del Gruppo Planetel nel Nord-Est<\/strong>, con sedi operative in Veneto e un legame ancora pi\u00f9 stretto con il tessuto imprenditoriale locale.<\/p>\n\n\n\n<p>Una struttura pensata per essere <strong>vicina ai clienti<\/strong>, parlare il linguaggio del territorio e <strong>rispondere<\/strong> con rapidit\u00e0 e competenza <strong>alle esigenze<\/strong> di privati, aziende e professionisti.<\/p>\n\n\n\n<div style=\"height:30px\" aria-hidden=\"true\" class=\"wp-block-spacer\"><\/div>\n\n\n<h3 class=\"wp-block-heading\" id=\"cosa-cambia-e-cosa-no-per-i-clienti-trivenet-e-connetical\">Cosa cambia (e cosa no) per i clienti Trivenet e Connetical<\/h3>\n\n\n<p>Quando si parla di operazioni societarie, la domanda \u00e8 sempre la stessa: <em>cosa cambia per i nostri clienti?<\/em> La risposta, in questo caso, \u00e8 semplice.<\/p>\n\n\n\n<p>Per i clienti, infatti, <strong>non cambia nulla<\/strong> in termini di servizi, contratti o modalit\u00e0 operative.<br>Le soluzioni di connettivit\u00e0, i servizi digitali, il supporto tecnico e commerciale continuano senza alcuna interruzione. Restano invariati anche i <strong>referenti commerciali, tecnici e amministrativi<\/strong>. Le persone con cui i clienti hanno costruito nel tempo un rapporto di fiducia continuano a essere il loro punto di riferimento quotidiano.<\/p>\n\n\n\n<p>Gli unici elementi differenzianti, rispetto a prima, sono quelli pi\u00f9 burocratici\/amministrativi, nonch\u00e9 i contatti generici. Per comodit\u00e0, riportiamo tutto ci\u00f2 di seguito.<\/p>\n\n\n\n<div style=\"height:20px\" aria-hidden=\"true\" class=\"wp-block-spacer\"><\/div>\n\n\n<h4 class=\"wp-block-heading\" id=\"dati-societari\">Dati societari<\/h4>\n\n\n<p>Planetel Nordest S.r.l.<\/p>\n\n\n\n<p>Sede legale: Via Boffalora, 4 \u2013 24048 Treviolo (BG)<\/p>\n\n\n\n<p>P.IVA e Cod. Fiscale: 03350610287<\/p>\n\n\n\n<p>PEC: <a href=\"mailto:planetelnordest@pecm.it\" target=\"_blank\" rel=\"noreferrer noopener\">planetelnordest@pecm.it<\/a><\/p>\n\n\n\n<p>Codice SDI: USAL8PV<\/p>\n\n\n\n<div style=\"height:20px\" aria-hidden=\"true\" class=\"wp-block-spacer\"><\/div>\n\n\n<h4 class=\"wp-block-heading\" id=\"sede-operativa-di-padova-ex-trivenet\">Sede operativa di Padova (ex Trivenet)<\/h4>\n\n\n<p>Via della Meccanica, 2 \u2013 35127 Padova (PD)<\/p>\n\n\n\n<p>Telefono: +39 049 9988200<\/p>\n\n\n\n<p>Numero Verde: 800 120420<\/p>\n\n\n\n<p>Fax: +39 049 9471337<\/p>\n\n\n\n<div style=\"height:20px\" aria-hidden=\"true\" class=\"wp-block-spacer\"><\/div>\n\n\n<h4 class=\"wp-block-heading\" id=\"sede-operativa-di-fiesso-dartico-ex-connetical\">Sede operativa di Fiesso d\u2019Artico (ex Connetical)<\/h4>\n\n\n<p>Piazza Marconi, 3 \u2013 30032 Fiesso d\u2019Artico (VE)<\/p>\n\n\n\n<p>Telefono: +39 041 5161969<\/p>\n\n\n\n<p>Numero Verde: 800 015941<\/p>\n\n\n\n<p>Fax: +39 041 5161655<\/p>\n\n\n\n<div style=\"height:20px\" aria-hidden=\"true\" class=\"wp-block-spacer\"><\/div>\n\n\n<h4 class=\"wp-block-heading\" id=\"contatti-generici-planetel-nordest\">Contatti generici Planetel Nordest<\/h4>\n\n\n<p><strong>Centralino<\/strong>: <a href=\"mailto:info@ne.planetel.eu\" target=\"_blank\" rel=\"noreferrer noopener\">info@ne.planetel.eu<\/a><\/p>\n\n\n\n<p><strong>Ufficio amministrazione<\/strong>: <a href=\"mailto:amministrazione@ne.planetel.eu\" target=\"_blank\" rel=\"noreferrer noopener\">amministrazione@ne.planetel.eu<\/a><\/p>\n\n\n\n<p><strong>Ufficio commerciale<\/strong>: <a href=\"mailto:commerciale@ne.planetel.eu\" target=\"_blank\" rel=\"noreferrer noopener\">commerciale@ne.planetel.eu<\/a><\/p>\n\n\n\n<p><strong>Ufficio assistenza<\/strong>: <a href=\"mailto:assistenza@ne.planetel.eu\" target=\"_blank\" rel=\"noreferrer noopener\">assistenza@ne.planetel.eu<\/a><\/p>\n\n\n\n<div style=\"height:50px\" aria-hidden=\"true\" class=\"wp-block-spacer\"><\/div>\n\n\n<h2 class=\"wp-block-heading\" id=\"planetel-nordest-integrazione-investimenti-e-piu-valore-per-clienti-e-territorio\">Planetel Nordest: integrazione, investimenti e pi\u00f9 valore per clienti e territorio<\/h2>\n\n\n<p>Quello che cambia, di fatto, \u00e8 ci\u00f2 che sta \u201cdietro le quinte\u201d: una<strong> struttura pi\u00f9 integrata<\/strong>, <strong>processi pi\u00f9 snelli<\/strong>, una <strong>maggiore condivisione di competenze e infrastrutture<\/strong> all\u2019interno del Gruppo.<\/p>\n\n\n\n<p>Tutto questo fa parte di un percorso di sviluppo e crescita pi\u00f9 ampio che affonda le radici non solo nella flessibilit\u00e0 di Planetel Nordest ma anche nella <strong>realizzazione del nuovo Polo Planetel<\/strong> di Padova, con all\u2019interno il nostro <strong>Edge Data Center di propriet\u00e0<\/strong>.<\/p>\n\n\n\n<p>Vogliamo avvicinare sempre di pi\u00f9 l\u2019infrastruttura ai clienti, riducendo le latenze, aumentando l\u2019affidabilit\u00e0 dei servizi e abilitando soluzioni digitali evolute per imprese e organizzazioni del territorio. L\u2019integrazione tra <strong>rete in fibra proprietaria<\/strong>, <strong>servizi cloud<\/strong> e <strong>infrastrutture di edge computing<\/strong> ci permette di offrire un modello di servizio ancora pi\u00f9 solido, scalabile e orientato alle esigenze reali del business.<\/p>\n","protected":false},"excerpt":{"rendered":"<p>Negli ultimi anni abbiamo lavorato con un obiettivo chiaro: rafforzare la nostra presenza sui territori, ottimizzare la struttura del Gruppo e offrire ai clienti un\u2019esperienza sempre pi\u00f9 solida, integrata e vicina alle loro esigenze. \u00c8 da questa visione che nasce Planetel Nordest, la nuova realt\u00e0 del Gruppo Planetel dedicata al Nord-Est. Planetel Nordest prende forma [&hellip;]<\/p>\n","protected":false},"author":4,"featured_media":78111,"comment_status":"closed","ping_status":"closed","sticky":false,"template":"","format":"standard","meta":{"_acf_changed":false,"footnotes":""},"categories":[723],"tags":[478,554,1001,1002],"service_category":[],"class_list":["post-78107","post","type-post","status-publish","format-standard","has-post-thumbnail","hentry","category-il-gruppo","tag-trivenet","tag-connetical","tag-planetel-nordest","tag-fusione"],"acf":[],"yoast_head":"<!-- This site is optimized with the Yoast SEO plugin v27.3 - https:\/\/yoast.com\/product\/yoast-seo-wordpress\/ -->\n<title>Planetel Nordest: il nuovo presidio del Gruppo nel Nord-Est<\/title>\n<meta name=\"description\" content=\"Planetel Nordest \u00e8 il nuovo polo territoriale per rafforzare servizi, infrastrutture e vicinanza ai clienti nel Nord-Est.\" \/>\n<meta name=\"robots\" content=\"index, follow, max-snippet:-1, max-image-preview:large, max-video-preview:-1\" \/>\n<link rel=\"canonical\" href=\"https:\/\/www.planetel.it\/en\/2026\/01\/nasce-planetel-nordest\/\" \/>\n<meta property=\"og:locale\" content=\"en_US\" \/>\n<meta property=\"og:type\" content=\"article\" \/>\n<meta property=\"og:title\" content=\"Planetel Nordest: il nuovo presidio del Gruppo nel Nord-Est\" \/>\n<meta property=\"og:description\" content=\"Planetel Nordest \u00e8 il nuovo polo territoriale per rafforzare servizi, infrastrutture e vicinanza ai clienti nel Nord-Est.\" \/>\n<meta property=\"og:url\" content=\"https:\/\/www.planetel.it\/en\/2026\/01\/nasce-planetel-nordest\/\" \/>\n<meta property=\"og:site_name\" content=\"Planetel\" \/>\n<meta property=\"article:publisher\" content=\"https:\/\/www.facebook.com\/planetelspa\" \/>\n<meta property=\"article:published_time\" content=\"2026-01-08T08:35:20+00:00\" \/>\n<meta property=\"article:modified_time\" content=\"2026-01-08T08:35:24+00:00\" \/>\n<meta property=\"og:image\" content=\"https:\/\/www.planetel.it\/wp-content\/uploads\/2026\/01\/Copertine-Blog_1200x630px.jpg\" \/>\n\t<meta property=\"og:image:width\" content=\"1200\" \/>\n\t<meta property=\"og:image:height\" content=\"630\" \/>\n\t<meta property=\"og:image:type\" content=\"image\/jpeg\" \/>\n<meta name=\"twitter:card\" content=\"summary_large_image\" \/>\n<meta name=\"twitter:label1\" content=\"Written by\" \/>\n\t<meta name=\"twitter:data1\" content=\"Andrea Brumana\" \/>\n\t<meta name=\"twitter:label2\" content=\"Est. reading time\" \/>\n\t<meta name=\"twitter:data2\" content=\"4 minutes\" \/>\n<script type=\"application\/ld+json\" class=\"yoast-schema-graph\">{\"@context\":\"https:\\\/\\\/schema.org\",\"@graph\":[{\"@type\":\"Article\",\"@id\":\"https:\\\/\\\/www.planetel.it\\\/en\\\/2026\\\/01\\\/nasce-planetel-nordest\\\/#article\",\"isPartOf\":{\"@id\":\"https:\\\/\\\/www.planetel.it\\\/en\\\/2026\\\/01\\\/nasce-planetel-nordest\\\/\"},\"author\":{\"name\":\"Andrea Brumana\",\"@id\":\"https:\\\/\\\/www.planetel.it\\\/en\\\/#\\\/schema\\\/person\\\/8e74703d23ff222042246a845bb004fa\"},\"headline\":\"Nasce Planetel Nordest: il nuovo presidio del Gruppo Planetel nel Nord-Est\",\"datePublished\":\"2026-01-08T08:35:20+00:00\",\"dateModified\":\"2026-01-08T08:35:24+00:00\",\"mainEntityOfPage\":{\"@id\":\"https:\\\/\\\/www.planetel.it\\\/en\\\/2026\\\/01\\\/nasce-planetel-nordest\\\/\"},\"wordCount\":639,\"publisher\":{\"@id\":\"https:\\\/\\\/www.planetel.it\\\/en\\\/#organization\"},\"image\":{\"@id\":\"https:\\\/\\\/www.planetel.it\\\/en\\\/2026\\\/01\\\/nasce-planetel-nordest\\\/#primaryimage\"},\"thumbnailUrl\":\"https:\\\/\\\/www.planetel.it\\\/wp-content\\\/uploads\\\/2026\\\/01\\\/Copertine-Blog_1200x630px.jpg\",\"keywords\":[\"Trivenet\",\"connetical\",\"Planetel Nordest\",\"Fusione\"],\"articleSection\":[\"Il gruppo\"],\"inLanguage\":\"en-US\"},{\"@type\":\"WebPage\",\"@id\":\"https:\\\/\\\/www.planetel.it\\\/en\\\/2026\\\/01\\\/nasce-planetel-nordest\\\/\",\"url\":\"https:\\\/\\\/www.planetel.it\\\/en\\\/2026\\\/01\\\/nasce-planetel-nordest\\\/\",\"name\":\"Planetel Nordest: il nuovo presidio del Gruppo nel Nord-Est\",\"isPartOf\":{\"@id\":\"https:\\\/\\\/www.planetel.it\\\/en\\\/#website\"},\"primaryImageOfPage\":{\"@id\":\"https:\\\/\\\/www.planetel.it\\\/en\\\/2026\\\/01\\\/nasce-planetel-nordest\\\/#primaryimage\"},\"image\":{\"@id\":\"https:\\\/\\\/www.planetel.it\\\/en\\\/2026\\\/01\\\/nasce-planetel-nordest\\\/#primaryimage\"},\"thumbnailUrl\":\"https:\\\/\\\/www.planetel.it\\\/wp-content\\\/uploads\\\/2026\\\/01\\\/Copertine-Blog_1200x630px.jpg\",\"datePublished\":\"2026-01-08T08:35:20+00:00\",\"dateModified\":\"2026-01-08T08:35:24+00:00\",\"description\":\"Planetel Nordest \u00e8 il nuovo polo territoriale per rafforzare servizi, infrastrutture e vicinanza ai clienti nel Nord-Est.\",\"breadcrumb\":{\"@id\":\"https:\\\/\\\/www.planetel.it\\\/en\\\/2026\\\/01\\\/nasce-planetel-nordest\\\/#breadcrumb\"},\"inLanguage\":\"en-US\",\"potentialAction\":[{\"@type\":\"ReadAction\",\"target\":[\"https:\\\/\\\/www.planetel.it\\\/en\\\/2026\\\/01\\\/nasce-planetel-nordest\\\/\"]}]},{\"@type\":\"ImageObject\",\"inLanguage\":\"en-US\",\"@id\":\"https:\\\/\\\/www.planetel.it\\\/en\\\/2026\\\/01\\\/nasce-planetel-nordest\\\/#primaryimage\",\"url\":\"https:\\\/\\\/www.planetel.it\\\/wp-content\\\/uploads\\\/2026\\\/01\\\/Copertine-Blog_1200x630px.jpg\",\"contentUrl\":\"https:\\\/\\\/www.planetel.it\\\/wp-content\\\/uploads\\\/2026\\\/01\\\/Copertine-Blog_1200x630px.jpg\",\"width\":1200,\"height\":630,\"caption\":\"Planetel Nordest\"},{\"@type\":\"BreadcrumbList\",\"@id\":\"https:\\\/\\\/www.planetel.it\\\/en\\\/2026\\\/01\\\/nasce-planetel-nordest\\\/#breadcrumb\",\"itemListElement\":[{\"@type\":\"ListItem\",\"position\":1,\"name\":\"Home\",\"item\":\"https:\\\/\\\/www.planetel.it\\\/en\\\/\"},{\"@type\":\"ListItem\",\"position\":2,\"name\":\"Azienda\",\"item\":\"https:\\\/\\\/www.planetel.it\\\/news\\\/blog\\\/categoria\\\/azienda\\\/\"},{\"@type\":\"ListItem\",\"position\":3,\"name\":\"Il gruppo\",\"item\":\"https:\\\/\\\/www.planetel.it\\\/news\\\/blog\\\/categoria\\\/il-gruppo\\\/\"},{\"@type\":\"ListItem\",\"position\":4,\"name\":\"Nasce Planetel Nordest: il nuovo presidio del Gruppo Planetel nel Nord-Est\"}]},{\"@type\":\"WebSite\",\"@id\":\"https:\\\/\\\/www.planetel.it\\\/en\\\/#website\",\"url\":\"https:\\\/\\\/www.planetel.it\\\/en\\\/\",\"name\":\"Planetel\",\"description\":\"Pi\u00f9 che una connessione\",\"publisher\":{\"@id\":\"https:\\\/\\\/www.planetel.it\\\/en\\\/#organization\"},\"potentialAction\":[{\"@type\":\"SearchAction\",\"target\":{\"@type\":\"EntryPoint\",\"urlTemplate\":\"https:\\\/\\\/www.planetel.it\\\/en\\\/?s={search_term_string}\"},\"query-input\":{\"@type\":\"PropertyValueSpecification\",\"valueRequired\":true,\"valueName\":\"search_term_string\"}}],\"inLanguage\":\"en-US\"},{\"@type\":\"Organization\",\"@id\":\"https:\\\/\\\/www.planetel.it\\\/en\\\/#organization\",\"name\":\"Planetel S.p.A.\",\"url\":\"https:\\\/\\\/www.planetel.it\\\/en\\\/\",\"logo\":{\"@type\":\"ImageObject\",\"inLanguage\":\"en-US\",\"@id\":\"https:\\\/\\\/www.planetel.it\\\/en\\\/#\\\/schema\\\/logo\\\/image\\\/\",\"url\":\"https:\\\/\\\/www.planetel.it\\\/wp-content\\\/uploads\\\/2024\\\/04\\\/logo-group-planetel.svg\",\"contentUrl\":\"https:\\\/\\\/www.planetel.it\\\/wp-content\\\/uploads\\\/2024\\\/04\\\/logo-group-planetel.svg\",\"width\":1,\"height\":1,\"caption\":\"Planetel S.p.A.\"},\"image\":{\"@id\":\"https:\\\/\\\/www.planetel.it\\\/en\\\/#\\\/schema\\\/logo\\\/image\\\/\"},\"sameAs\":[\"https:\\\/\\\/www.facebook.com\\\/planetelspa\",\"https:\\\/\\\/www.linkedin.com\\\/company\\\/planetel\",\"https:\\\/\\\/www.instagram.com\\\/planetelspa\"]},{\"@type\":\"Person\",\"@id\":\"https:\\\/\\\/www.planetel.it\\\/en\\\/#\\\/schema\\\/person\\\/8e74703d23ff222042246a845bb004fa\",\"name\":\"Andrea Brumana\",\"image\":{\"@type\":\"ImageObject\",\"inLanguage\":\"en-US\",\"@id\":\"https:\\\/\\\/secure.gravatar.com\\\/avatar\\\/9a839884f24513d8bf063a907c74d8d2483fb1c4bbbf7cf7222c3e08581e4219?s=96&d=mm&r=g\",\"url\":\"https:\\\/\\\/secure.gravatar.com\\\/avatar\\\/9a839884f24513d8bf063a907c74d8d2483fb1c4bbbf7cf7222c3e08581e4219?s=96&d=mm&r=g\",\"contentUrl\":\"https:\\\/\\\/secure.gravatar.com\\\/avatar\\\/9a839884f24513d8bf063a907c74d8d2483fb1c4bbbf7cf7222c3e08581e4219?s=96&d=mm&r=g\",\"caption\":\"Andrea Brumana\"},\"url\":\"https:\\\/\\\/www.planetel.it\\\/en\\\/author\\\/a-brumana\\\/\"}]}<\/script>\n<!-- \/ Yoast SEO plugin. -->","yoast_head_json":{"title":"Planetel Nordest: il nuovo presidio del Gruppo nel Nord-Est","description":"Planetel Nordest \u00e8 il nuovo polo territoriale per rafforzare servizi, infrastrutture e vicinanza ai clienti nel Nord-Est.","robots":{"index":"index","follow":"follow","max-snippet":"max-snippet:-1","max-image-preview":"max-image-preview:large","max-video-preview":"max-video-preview:-1"},"canonical":"https:\/\/www.planetel.it\/en\/2026\/01\/nasce-planetel-nordest\/","og_locale":"en_US","og_type":"article","og_title":"Planetel Nordest: il nuovo presidio del Gruppo nel Nord-Est","og_description":"Planetel Nordest \u00e8 il nuovo polo territoriale per rafforzare servizi, infrastrutture e vicinanza ai clienti nel Nord-Est.","og_url":"https:\/\/www.planetel.it\/en\/2026\/01\/nasce-planetel-nordest\/","og_site_name":"Planetel","article_publisher":"https:\/\/www.facebook.com\/planetelspa","article_published_time":"2026-01-08T08:35:20+00:00","article_modified_time":"2026-01-08T08:35:24+00:00","og_image":[{"width":1200,"height":630,"url":"https:\/\/www.planetel.it\/wp-content\/uploads\/2026\/01\/Copertine-Blog_1200x630px.jpg","type":"image\/jpeg"}],"twitter_card":"summary_large_image","twitter_misc":{"Written by":"Andrea Brumana","Est. reading time":"4 minutes"},"schema":{"@context":"https:\/\/schema.org","@graph":[{"@type":"Article","@id":"https:\/\/www.planetel.it\/en\/2026\/01\/nasce-planetel-nordest\/#article","isPartOf":{"@id":"https:\/\/www.planetel.it\/en\/2026\/01\/nasce-planetel-nordest\/"},"author":{"name":"Andrea Brumana","@id":"https:\/\/www.planetel.it\/en\/#\/schema\/person\/8e74703d23ff222042246a845bb004fa"},"headline":"Nasce Planetel Nordest: il nuovo presidio del Gruppo Planetel nel Nord-Est","datePublished":"2026-01-08T08:35:20+00:00","dateModified":"2026-01-08T08:35:24+00:00","mainEntityOfPage":{"@id":"https:\/\/www.planetel.it\/en\/2026\/01\/nasce-planetel-nordest\/"},"wordCount":639,"publisher":{"@id":"https:\/\/www.planetel.it\/en\/#organization"},"image":{"@id":"https:\/\/www.planetel.it\/en\/2026\/01\/nasce-planetel-nordest\/#primaryimage"},"thumbnailUrl":"https:\/\/www.planetel.it\/wp-content\/uploads\/2026\/01\/Copertine-Blog_1200x630px.jpg","keywords":["Trivenet","connetical","Planetel Nordest","Fusione"],"articleSection":["Il gruppo"],"inLanguage":"en-US"},{"@type":"WebPage","@id":"https:\/\/www.planetel.it\/en\/2026\/01\/nasce-planetel-nordest\/","url":"https:\/\/www.planetel.it\/en\/2026\/01\/nasce-planetel-nordest\/","name":"Planetel Nordest: il nuovo presidio del Gruppo nel Nord-Est","isPartOf":{"@id":"https:\/\/www.planetel.it\/en\/#website"},"primaryImageOfPage":{"@id":"https:\/\/www.planetel.it\/en\/2026\/01\/nasce-planetel-nordest\/#primaryimage"},"image":{"@id":"https:\/\/www.planetel.it\/en\/2026\/01\/nasce-planetel-nordest\/#primaryimage"},"thumbnailUrl":"https:\/\/www.planetel.it\/wp-content\/uploads\/2026\/01\/Copertine-Blog_1200x630px.jpg","datePublished":"2026-01-08T08:35:20+00:00","dateModified":"2026-01-08T08:35:24+00:00","description":"Planetel Nordest \u00e8 il nuovo polo territoriale per rafforzare servizi, infrastrutture e vicinanza ai clienti nel Nord-Est.","breadcrumb":{"@id":"https:\/\/www.planetel.it\/en\/2026\/01\/nasce-planetel-nordest\/#breadcrumb"},"inLanguage":"en-US","potentialAction":[{"@type":"ReadAction","target":["https:\/\/www.planetel.it\/en\/2026\/01\/nasce-planetel-nordest\/"]}]},{"@type":"ImageObject","inLanguage":"en-US","@id":"https:\/\/www.planetel.it\/en\/2026\/01\/nasce-planetel-nordest\/#primaryimage","url":"https:\/\/www.planetel.it\/wp-content\/uploads\/2026\/01\/Copertine-Blog_1200x630px.jpg","contentUrl":"https:\/\/www.planetel.it\/wp-content\/uploads\/2026\/01\/Copertine-Blog_1200x630px.jpg","width":1200,"height":630,"caption":"Planetel Nordest"},{"@type":"BreadcrumbList","@id":"https:\/\/www.planetel.it\/en\/2026\/01\/nasce-planetel-nordest\/#breadcrumb","itemListElement":[{"@type":"ListItem","position":1,"name":"Home","item":"https:\/\/www.planetel.it\/en\/"},{"@type":"ListItem","position":2,"name":"Azienda","item":"https:\/\/www.planetel.it\/news\/blog\/categoria\/azienda\/"},{"@type":"ListItem","position":3,"name":"Il gruppo","item":"https:\/\/www.planetel.it\/news\/blog\/categoria\/il-gruppo\/"},{"@type":"ListItem","position":4,"name":"Nasce Planetel Nordest: il nuovo presidio del Gruppo Planetel nel Nord-Est"}]},{"@type":"WebSite","@id":"https:\/\/www.planetel.it\/en\/#website","url":"https:\/\/www.planetel.it\/en\/","name":"Planetel","description":"Pi\u00f9 che una connessione","publisher":{"@id":"https:\/\/www.planetel.it\/en\/#organization"},"potentialAction":[{"@type":"SearchAction","target":{"@type":"EntryPoint","urlTemplate":"https:\/\/www.planetel.it\/en\/?s={search_term_string}"},"query-input":{"@type":"PropertyValueSpecification","valueRequired":true,"valueName":"search_term_string"}}],"inLanguage":"en-US"},{"@type":"Organization","@id":"https:\/\/www.planetel.it\/en\/#organization","name":"Planetel S.p.A.","url":"https:\/\/www.planetel.it\/en\/","logo":{"@type":"ImageObject","inLanguage":"en-US","@id":"https:\/\/www.planetel.it\/en\/#\/schema\/logo\/image\/","url":"https:\/\/www.planetel.it\/wp-content\/uploads\/2024\/04\/logo-group-planetel.svg","contentUrl":"https:\/\/www.planetel.it\/wp-content\/uploads\/2024\/04\/logo-group-planetel.svg","width":1,"height":1,"caption":"Planetel S.p.A."},"image":{"@id":"https:\/\/www.planetel.it\/en\/#\/schema\/logo\/image\/"},"sameAs":["https:\/\/www.facebook.com\/planetelspa","https:\/\/www.linkedin.com\/company\/planetel","https:\/\/www.instagram.com\/planetelspa"]},{"@type":"Person","@id":"https:\/\/www.planetel.it\/en\/#\/schema\/person\/8e74703d23ff222042246a845bb004fa","name":"Andrea Brumana","image":{"@type":"ImageObject","inLanguage":"en-US","@id":"https:\/\/secure.gravatar.com\/avatar\/9a839884f24513d8bf063a907c74d8d2483fb1c4bbbf7cf7222c3e08581e4219?s=96&d=mm&r=g","url":"https:\/\/secure.gravatar.com\/avatar\/9a839884f24513d8bf063a907c74d8d2483fb1c4bbbf7cf7222c3e08581e4219?s=96&d=mm&r=g","contentUrl":"https:\/\/secure.gravatar.com\/avatar\/9a839884f24513d8bf063a907c74d8d2483fb1c4bbbf7cf7222c3e08581e4219?s=96&d=mm&r=g","caption":"Andrea Brumana"},"url":"https:\/\/www.planetel.it\/en\/author\/a-brumana\/"}]}},"_links":{"self":[{"href":"https:\/\/www.planetel.it\/en\/wp-json\/wp\/v2\/posts\/78107","targetHints":{"allow":["GET"]}}],"collection":[{"href":"https:\/\/www.planetel.it\/en\/wp-json\/wp\/v2\/posts"}],"about":[{"href":"https:\/\/www.planetel.it\/en\/wp-json\/wp\/v2\/types\/post"}],"author":[{"embeddable":true,"href":"https:\/\/www.planetel.it\/en\/wp-json\/wp\/v2\/users\/4"}],"replies":[{"embeddable":true,"href":"https:\/\/www.planetel.it\/en\/wp-json\/wp\/v2\/comments?post=78107"}],"version-history":[{"count":2,"href":"https:\/\/www.planetel.it\/en\/wp-json\/wp\/v2\/posts\/78107\/revisions"}],"predecessor-version":[{"id":78110,"href":"https:\/\/www.planetel.it\/en\/wp-json\/wp\/v2\/posts\/78107\/revisions\/78110"}],"wp:featuredmedia":[{"embeddable":true,"href":"https:\/\/www.planetel.it\/en\/wp-json\/wp\/v2\/media\/78111"}],"wp:attachment":[{"href":"https:\/\/www.planetel.it\/en\/wp-json\/wp\/v2\/media?parent=78107"}],"wp:term":[{"taxonomy":"category","embeddable":true,"href":"https:\/\/www.planetel.it\/en\/wp-json\/wp\/v2\/categories?post=78107"},{"taxonomy":"post_tag","embeddable":true,"href":"https:\/\/www.planetel.it\/en\/wp-json\/wp\/v2\/tags?post=78107"},{"taxonomy":"service_category","embeddable":true,"href":"https:\/\/www.planetel.it\/en\/wp-json\/wp\/v2\/service_category?post=78107"}],"curies":[{"name":"wp","href":"https:\/\/api.w.org\/{rel}","templated":true}]}}